{"id":1192,"date":"2023-09-26T19:00:53","date_gmt":"2023-09-26T18:00:53","guid":{"rendered":"https:\/\/www.asv-lichtenau.de\/?p=1192"},"modified":"2023-09-26T19:00:53","modified_gmt":"2023-09-26T18:00:53","slug":"einladung-4","status":"publish","type":"post","link":"https:\/\/www.asv-lichtenau.de\/?p=1192","title":{"rendered":"Einladung"},"content":{"rendered":"\n<p>EINLADUNG&nbsp;<\/p>\n\n\n\n<p>Am Samstag, 07. 10. 2023 treffen wir uns am Baggersee f\u00fcr Pflegearbeiten &nbsp;Bitte entsprechende Ger\u00e4tschaften ( Gabeln, Rechen, Astschere, Motorsense usw.) mitbringen.<\/p>\n\n\n\n<p>Beginn: 08.30 Uhr&nbsp;<\/p>\n\n\n\n<p>Am Samstag, 14. 10. 2023 treffen wir uns am Baggersee zu einem gemeinsamem Fischen.&nbsp;<\/p>\n\n\n\n<p>Beginn: 13.30 Uhr&nbsp;<\/p>\n\n\n\n<p>Am Samstag, 28. 10. 2023 treffen wir uns am Vereinsheim. Wir wollen anschlie\u00dfend an der M\u00fchle und am oberen Altrhein Pflegearbeiten durchf\u00fchren. Bitte auch entsprechende Ger\u00e4tschaften ( s.o. ) mitbringen.<\/p>\n\n\n\n<p>Beginn: 08.00 Uhr&nbsp;<\/p>\n\n\n\n<p>Herzliche Einladung dazu! &nbsp;<\/p>\n\n\n\n<p>Hans-Josef<\/p>\n","protected":false},"excerpt":{"rendered":"<p>EINLADUNG&nbsp; Am Samstag, 07. 10. 2023 treffen wir uns am Baggersee f\u00fcr Pflegearbeiten &nbsp;Bitte entsprechende Ger\u00e4tschaften ( Gabeln, Rechen, Astschere, Motorsense usw.) mitbringen. Beginn: 08.30 Uhr&nbsp; Am Samstag, 14. 10. 2023 treffen wir uns am Baggersee zu einem gemeinsamem Fischen.&nbsp; Beginn: 13.30 Uhr&nbsp; Am Samstag, 28. 10. 2023 treffen wir uns am Vereinsheim. Wir wollen [&hellip;]<\/p>\n","protected":false},"author":1,"featured_media":0,"comment_status":"closed","ping_status":"closed","sticky":false,"template":"","format":"standard","meta":{"footnotes":""},"categories":[1],"tags":[],"class_list":["post-1192","post","type-post","status-publish","format-standard","hentry","category-allgemein"],"_links":{"self":[{"href":"https:\/\/www.asv-lichtenau.de\/index.php?rest_route=\/wp\/v2\/posts\/1192","targetHints":{"allow":["GET"]}}],"collection":[{"href":"https:\/\/www.asv-lichtenau.de\/index.php?rest_route=\/wp\/v2\/posts"}],"about":[{"href":"https:\/\/www.asv-lichtenau.de\/index.php?rest_route=\/wp\/v2\/types\/post"}],"author":[{"embeddable":true,"href":"https:\/\/www.asv-lichtenau.de\/index.php?rest_route=\/wp\/v2\/users\/1"}],"replies":[{"embeddable":true,"href":"https:\/\/www.asv-lichtenau.de\/index.php?rest_route=%2Fwp%2Fv2%2Fcomments&post=1192"}],"version-history":[{"count":1,"href":"https:\/\/www.asv-lichtenau.de\/index.php?rest_route=\/wp\/v2\/posts\/1192\/revisions"}],"predecessor-version":[{"id":1193,"href":"https:\/\/www.asv-lichtenau.de\/index.php?rest_route=\/wp\/v2\/posts\/1192\/revisions\/1193"}],"wp:attachment":[{"href":"https:\/\/www.asv-lichtenau.de\/index.php?rest_route=%2Fwp%2Fv2%2Fmedia&parent=1192"}],"wp:term":[{"taxonomy":"category","embeddable":true,"href":"https:\/\/www.asv-lichtenau.de\/index.php?rest_route=%2Fwp%2Fv2%2Fcategories&post=1192"},{"taxonomy":"post_tag","embeddable":true,"href":"https:\/\/www.asv-lichtenau.de\/index.php?rest_route=%2Fwp%2Fv2%2Ftags&post=1192"}],"curies":[{"name":"wp","href":"https:\/\/api.w.org\/{rel}","templated":true}]}}