{"id":763,"date":"2013-01-28T21:20:07","date_gmt":"2013-01-28T20:20:07","guid":{"rendered":"http:\/\/www.asv-lichtenau.de\/?p=763"},"modified":"2013-01-28T21:20:55","modified_gmt":"2013-01-28T20:20:55","slug":"jahreshauptversammlung-asv-lichtenau-e-v","status":"publish","type":"post","link":"https:\/\/www.asv-lichtenau.de\/?p=763","title":{"rendered":"Jahreshauptversammlung ASV Lichtenau e.V."},"content":{"rendered":"<p><b>Gute Zusammenarbeit mit dem Naturschutzbund<\/b><\/p>\n<p><b>Das traditionelle Backfischessen am Vatertag findet dieses Jahr nicht statt.<\/b><\/p>\n<p><b>In der Jahreshauptversammlung des ASV Lichtenau e.V. berichtete der 1. Vorsitzende Rainer Weisenburger \u00fcber die Arbeit des Vereins im abgelaufenen Jahr. Mehrere 100 Arbeitsstunden wurden in und an den Gew\u00e4ssern geleistet. Insbesondere an der Hanfreetze wurde mit F\u00f6rdermitteln des Landkreises eine Entschlammung durchgef\u00fchrt.<\/b><\/p>\n<p><b>Die Vorstandschaft hat beschlossen, in diesem Jahr aus wirtschaftlichen Erw\u00e4gungen, erstmals seit rund 40 Jahren das traditionelle Backfischessen am Vatertag nicht durchzuf\u00fchren. Es wird jedoch wieder einen Backfischverkauf zum Mitnehmen am Sonntag 10.11.2013 geben. Es wurde auch die vorbildliche Zusammenarbeit mit dem \u00f6rtlichen NABU Lichtenau\/Rheinm\u00fcnster erw\u00e4hnt.\u00a0<\/b><\/p>\n<p><b>Schriftf\u00fchrer Hans Josef Koch lie\u00df das Vereinsjahr im Detail Revue passieren und Kassierer Gerhard Link berichtete von einer soliden Kassenlage. Die Kassenpr\u00fcfer Paul Schneider und Roman Seifermann lobten die vorbildliche Kassenf\u00fchrung.<\/b><\/p>\n<p><b>Gew\u00e4sserwart Markus Volz hat zusammen mit Holger Zink acht Pr\u00fcfungen an elf Gew\u00e4ssern durchgef\u00fchrt und durchweg gute Ergebnisse vorgefunden. Die Anbindung des oberen Altrheins an den Rhein bzw. Rheinseitengraben w\u00e4re w\u00fcnschenswert, um eine optimale Gew\u00e4sserverbindung zu erreichen.<\/b><\/p>\n<p><b>Die Arbeit der Jugendgruppe schilderte Jugendleiter Arne Zink und berichtete von Naturschutzma\u00dfnahmen und weiteren regelm\u00e4\u00dfigen Aktivit\u00e4ten.<\/b><\/p>\n<p><b>F\u00fcr 40 j\u00e4hrige T\u00e4tigkeit in der Vorstandschaft wurden Gerhard und Horst Link geehrt. Gerhard Link war seit 1973 Beisitzer und ist seit 1974 bis heute Kassierer. Horst Link war seit 1973 Beisitzer, von 1979 bis 2000 2. Vorsitzender und ab 2001 bis heute wiederum Beisitzer.<\/b><\/p>\n<p><b>Fischerk\u00f6nig 2012 wurde Michael Link vor Ralf Eckstein und Paul Schneider. Der Jugendfischerk\u00f6nig 2012 hei\u00dft Michael Beerens. Besonders stolz ist man auf den Nachwuchs. 5 Jugendfischer haben erfolgreich den Vorbereitungskurs zur Sportfischerpr\u00fcfung besucht und die Pr\u00fcfung mit Bravour bestanden. Mit einer Urkunde und einem Pr\u00e4sent gratulierte man Michael Beerens, Noah Herbst, Gian-Luca Prisco, Philipp Schell und Kenny Schneider.<\/b><\/p>\n<p><b>Der n\u00e4chste Arbeitseinsatz findet am 23.02.statt. Am Maimarkt 05.05.2013 bewirtet man mit Kaffee und Kuchen in der Stadthalle Lichtenau.<\/b><\/p>\n<div id=\"attachment_765\" style=\"width: 650px\" class=\"wp-caption alignnone\"><a href=\"http:\/\/www.asv-lichtenau.de\/wp-content\/uploads\/2013\/01\/IMG_8580.jpg\"><img loading=\"lazy\" decoding=\"async\" aria-describedby=\"caption-attachment-765\" class=\"size-large wp-image-765\" title=\"Erfolgreiche Jungangler des ASV Lichtenau e.V. \" alt=\"\" src=\"http:\/\/www.asv-lichtenau.de\/wp-content\/uploads\/2013\/01\/IMG_8580-1024x768.jpg\" width=\"640\" height=\"480\" srcset=\"https:\/\/www.asv-lichtenau.de\/wp-content\/uploads\/2013\/01\/IMG_8580-1024x768.jpg 1024w, https:\/\/www.asv-lichtenau.de\/wp-content\/uploads\/2013\/01\/IMG_8580-300x225.jpg 300w\" sizes=\"auto, (max-width: 640px) 100vw, 640px\" \/><\/a><p id=\"caption-attachment-765\" class=\"wp-caption-text\">Erfolgreiche Jungangler des ASV Lichtenau e.V.<\/p><\/div>\n<p><b>v.l.n.rechts\u00a0<\/b><b>B\u00fcrgermeister Christian Greilach, Kenny Schneider,Gian-Luca Prisco, 1. Vors. Rainer Weisenburger, Noah Herbst, 2. Vors. Hartmut Herbst, Philipp Schell, Michael Beerens (Jugendfischerk\u00f6nig 2012)<\/b><\/p>\n<p><a href=\"http:\/\/www.asv-lichtenau.de\/wp-content\/uploads\/2013\/01\/IMG_8579.jpg\"><img loading=\"lazy\" decoding=\"async\" class=\"alignnone size-large wp-image-764\" alt=\"IMG_8579\" src=\"http:\/\/www.asv-lichtenau.de\/wp-content\/uploads\/2013\/01\/IMG_8579-1024x768.jpg\" width=\"640\" height=\"480\" srcset=\"https:\/\/www.asv-lichtenau.de\/wp-content\/uploads\/2013\/01\/IMG_8579-1024x768.jpg 1024w, https:\/\/www.asv-lichtenau.de\/wp-content\/uploads\/2013\/01\/IMG_8579-300x225.jpg 300w\" sizes=\"auto, (max-width: 640px) 100vw, 640px\" \/><\/a><\/p>\n<p><b>Neben den Fischerk\u00f6nigen wurden Gerhard Link (vorne rechts ) und Horst Link (vorne 2.von rechts) geehrt.<\/b><\/p>\n","protected":false},"excerpt":{"rendered":"<p>Gute Zusammenarbeit mit dem Naturschutzbund Das traditionelle Backfischessen am Vatertag findet dieses Jahr nicht statt. In der Jahreshauptversammlung des ASV Lichtenau e.V. berichtete der 1. Vorsitzende Rainer Weisenburger \u00fcber die Arbeit des Vereins im abgelaufenen Jahr. Mehrere 100 Arbeitsstunden wurden in und an den Gew\u00e4ssern geleistet. Insbesondere an der Hanfreetze wurde mit F\u00f6rdermitteln des Landkreises [&hellip;]<\/p>\n","protected":false},"author":1,"featured_media":0,"comment_status":"open","ping_status":"open","sticky":false,"template":"","format":"standard","meta":{"footnotes":""},"categories":[1],"tags":[],"class_list":["post-763","post","type-post","status-publish","format-standard","hentry","category-allgemein"],"_links":{"self":[{"href":"https:\/\/www.asv-lichtenau.de\/index.php?rest_route=\/wp\/v2\/posts\/763","targetHints":{"allow":["GET"]}}],"collection":[{"href":"https:\/\/www.asv-lichtenau.de\/index.php?rest_route=\/wp\/v2\/posts"}],"about":[{"href":"https:\/\/www.asv-lichtenau.de\/index.php?rest_route=\/wp\/v2\/types\/post"}],"author":[{"embeddable":true,"href":"https:\/\/www.asv-lichtenau.de\/index.php?rest_route=\/wp\/v2\/users\/1"}],"replies":[{"embeddable":true,"href":"https:\/\/www.asv-lichtenau.de\/index.php?rest_route=%2Fwp%2Fv2%2Fcomments&post=763"}],"version-history":[{"count":2,"href":"https:\/\/www.asv-lichtenau.de\/index.php?rest_route=\/wp\/v2\/posts\/763\/revisions"}],"predecessor-version":[{"id":767,"href":"https:\/\/www.asv-lichtenau.de\/index.php?rest_route=\/wp\/v2\/posts\/763\/revisions\/767"}],"wp:attachment":[{"href":"https:\/\/www.asv-lichtenau.de\/index.php?rest_route=%2Fwp%2Fv2%2Fmedia&parent=763"}],"wp:term":[{"taxonomy":"category","embeddable":true,"href":"https:\/\/www.asv-lichtenau.de\/index.php?rest_route=%2Fwp%2Fv2%2Fcategories&post=763"},{"taxonomy":"post_tag","embeddable":true,"href":"https:\/\/www.asv-lichtenau.de\/index.php?rest_route=%2Fwp%2Fv2%2Ftags&post=763"}],"curies":[{"name":"wp","href":"https:\/\/api.w.org\/{rel}","templated":true}]}}